{"id":2145,"__str__":"Mo\u00e7\u00e3o n\u00ba 39 de 2022","link_detail_backend":"/materia/2145","metadata":{},"numero":39,"ano":2022,"numero_protocolo":null,"data_apresentacao":"2022-10-11","tipo_apresentacao":"E","data_publicacao":null,"numero_origem_externa":"","ano_origem_externa":null,"data_origem_externa":null,"apelido":"","dias_prazo":null,"data_fim_prazo":null,"em_tramitacao":true,"polemica":false,"objeto":"","complementar":false,"ementa":"MO\u00c7\u00c3O DE APLAUSOS a\r\nComunidade Escolar Arnaldo Prado (Dire\u00e7\u00e3o, Coordena\u00e7\u00e3o, Professores, Alunos e Pais) pela\r\nparticipa\u00e7\u00e3o na Feira de Matem\u00e1tica de Alagoinhas e classifica\u00e7\u00e3o da etapa territorial para a\r\netapa estadual.","indexacao":"","observacao":"","resultado":"","texto_original":null,"data_ultima_atualizacao":"2022-11-30T13:48:44.429952-03:00","ip":"177.136.115.122","ultima_edicao":"2022-11-30T13:43:19.835079-03:00","tipo":19,"regime_tramitacao":3,"tipo_origem_externa":null,"local_origem_externa":null,"user":2,"anexadas":[],"autores":[14]}